{"id":210,"date":"2019-01-28T16:57:15","date_gmt":"2019-01-28T15:57:15","guid":{"rendered":"https:\/\/www.die-oswalds.de\/blog\/?p=210"},"modified":"2019-02-18T14:27:19","modified_gmt":"2019-02-18T13:27:19","slug":"macbook-pro-2008-2010-grafikkarten-reparatur","status":"publish","type":"post","link":"https:\/\/www.die-oswalds.de\/blog\/2019\/01\/28\/macbook-pro-2008-2010-grafikkarten-reparatur\/","title":{"rendered":"MacBook Pro 2008-2010 Grafikkarten Reparatur"},"content":{"rendered":"<p>Die Ger\u00e4te der MacBook Pro-Serie von Apple aus den Jahren 2008 bis 2010 sind bekannt f\u00fcr ihre Grafikkarten-Probleme. Hier wird oft angeraten den GPU zu tauschen oder mal im Backofen zu backen, das sogenannte reflowing. Aber bei diesen Modellen ist es ein anderes Bauteil, was im Laufe der Zeit nicht mehr die Leistung bietet, die ben\u00f6tigt wird. Und da w\u00e4ren wir schon: bei einem Tantal-Kondensator. Also ein Bauteil, was etwa 2 \u20ac kostet sorgt daf\u00fcr, dass das geliebte MacBook Pro nicht mehr startet.<\/p>\n<p>Wie \u00e4u\u00dfert sich das Problem? Beim 2008er und 2009er Modell startet das Ger\u00e4t einfach nicht mehr richtig. Beim 2010er Modell allerdings sieht es anders aus. Dieses startet noch und man kann meist damit arbeiten bis er irgendwann abst\u00fcrzt oder einfach ausgeht. Diese Intervalle werden meist k\u00fcrzer bis er irgendwann nur noch sehr instabil l\u00e4uft. Bei beiden ist es ein baugleicher Tantal-Kondensator, der f\u00fcr die Probleme sorgt. Beim 2008er und 2009er 17 Zoll Modell ist es der C7771 und beim 2010er ist es der C9560. Dieser m\u00fcsste durch einen 330\u00b5F-20%-2V Tantal-Kondensator ausgetauscht werden.<\/p>\n<p>Bevor wir loslegen erst mal\u00a0 der obligatorische Haftungsausschluss:<\/p>\n<p><span style=\"color: #ff0000;\"><strong>Ich \u00fcbernehme keinerlei Haftung f\u00fcr irgendwelche Sch\u00e4den, die bei der Reparatur elektronischer Ger\u00e4te, dem Aufbau und Betrieb Elektronischer Schaltungen, an Personen oder Ger\u00e4ten entstehen k\u00f6nnen. <\/strong><\/span><\/p>\n<p>Und man sollte schon etwas Erfahrung mit dem L\u00f6tkolben haben&#8230;<\/p>\n<p>Hier habe ich einmal das 2010er Modell unter dem Messer gehabt. Um den Tantal-Kondensator tauschen zu k\u00f6nnen muss man das Logicboard komplett ausbauen, weil dieser sich auf der anderen Seite befindet. Nach dem Entfernen des K\u00fchlk\u00f6rpers kommt man besser an den Tantal-Kondensator heran.<\/p>\n<p><img loading=\"lazy\" decoding=\"async\" class=\"alignnone size-full wp-image-237\" src=\"https:\/\/www.die-oswalds.de\/blog\/wp-content\/uploads\/2019\/01\/DSC4298_B.jpg\" alt=\"\" width=\"640\" height=\"426\" srcset=\"https:\/\/www.die-oswalds.de\/blog\/wp-content\/uploads\/2019\/01\/DSC4298_B.jpg 640w, https:\/\/www.die-oswalds.de\/blog\/wp-content\/uploads\/2019\/01\/DSC4298_B-300x200.jpg 300w\" sizes=\"auto, (max-width: 640px) 100vw, 640px\" \/><\/p>\n<p>Ich entferne den Kondensator lediglich mit einem L\u00f6tkolben. Weil der neue Kondensator deutlich gr\u00f6\u00dfer ist, muss auf der rechten Seite etwas von der obersten Lackschicht abgekratzt werden. Hierf\u00fcr benutze ich meist die Spitze eines Cuttermessers. Alternativ gibt es mittlerweile auch Tantal-Kondensatoren mit 3 L\u00f6tpunkten, also einen weiteren in der Mitte des Bauteils, sodass man auf der Platine nichts freikratzen muss. Allerdings sind diese nicht so leicht an zul\u00f6ten wie normale Tantal-Kondensatoren.<\/p>\n<p><img loading=\"lazy\" decoding=\"async\" class=\"alignnone size-full wp-image-228\" src=\"https:\/\/www.die-oswalds.de\/blog\/wp-content\/uploads\/2019\/01\/DSC4303_A.jpg\" alt=\"\" width=\"640\" height=\"426\" srcset=\"https:\/\/www.die-oswalds.de\/blog\/wp-content\/uploads\/2019\/01\/DSC4303_A.jpg 640w, https:\/\/www.die-oswalds.de\/blog\/wp-content\/uploads\/2019\/01\/DSC4303_A-300x200.jpg 300w\" sizes=\"auto, (max-width: 640px) 100vw, 640px\" \/><\/p>\n<p>Und so sieht es aus, wenn der neue Tantal-Kondensator an seinem Platz ist. Nun sollte man noch neue W\u00e4rmeleitpaste auftragen, bevor man den K\u00fchlk\u00f6rper wieder anbringt, aber erst nachdem man die alte sowohl vom CPU\/GPU als auch vom K\u00fchlk\u00f6rper selbst komplett entfernt hat.<\/p>\n<p><img loading=\"lazy\" decoding=\"async\" class=\"alignnone size-full wp-image-229\" src=\"https:\/\/www.die-oswalds.de\/blog\/wp-content\/uploads\/2019\/01\/DSC4309_A.jpg\" alt=\"\" width=\"640\" height=\"426\" srcset=\"https:\/\/www.die-oswalds.de\/blog\/wp-content\/uploads\/2019\/01\/DSC4309_A.jpg 640w, https:\/\/www.die-oswalds.de\/blog\/wp-content\/uploads\/2019\/01\/DSC4309_A-300x200.jpg 300w\" sizes=\"auto, (max-width: 640px) 100vw, 640px\" \/><\/p>\n<p>&nbsp;<\/p>\n","protected":false},"excerpt":{"rendered":"<p>Die Ger\u00e4te der MacBook Pro-Serie von Apple aus den Jahren 2008 bis 2010 sind bekannt f\u00fcr ihre Grafikkarten-Probleme. Hier wird oft angeraten den GPU zu tauschen oder mal im Backofen zu backen, das sogenannte reflowing. Aber bei diesen Modellen ist es ein anderes Bauteil, was im Laufe der Zeit nicht mehr die Leistung bietet, die [&hellip;]<\/p>\n","protected":false},"author":1,"featured_media":0,"comment_status":"open","ping_status":"open","sticky":false,"template":"","format":"standard","meta":{"footnotes":""},"categories":[6],"tags":[46,47,48,7,28,52,49,58,45,56,57],"class_list":["post-210","post","type-post","status-publish","format-standard","hentry","category-apple","tag-46","tag-47","tag-48","tag-apple","tag-defekt","tag-gpu","tag-grafikkarte","tag-kondensator","tag-macbook-pro","tag-reparatur","tag-tantal","clear"],"_links":{"self":[{"href":"https:\/\/www.die-oswalds.de\/blog\/wp-json\/wp\/v2\/posts\/210","targetHints":{"allow":["GET"]}}],"collection":[{"href":"https:\/\/www.die-oswalds.de\/blog\/wp-json\/wp\/v2\/posts"}],"about":[{"href":"https:\/\/www.die-oswalds.de\/blog\/wp-json\/wp\/v2\/types\/post"}],"author":[{"embeddable":true,"href":"https:\/\/www.die-oswalds.de\/blog\/wp-json\/wp\/v2\/users\/1"}],"replies":[{"embeddable":true,"href":"https:\/\/www.die-oswalds.de\/blog\/wp-json\/wp\/v2\/comments?post=210"}],"version-history":[{"count":0,"href":"https:\/\/www.die-oswalds.de\/blog\/wp-json\/wp\/v2\/posts\/210\/revisions"}],"wp:attachment":[{"href":"https:\/\/www.die-oswalds.de\/blog\/wp-json\/wp\/v2\/media?parent=210"}],"wp:term":[{"taxonomy":"category","embeddable":true,"href":"https:\/\/www.die-oswalds.de\/blog\/wp-json\/wp\/v2\/categories?post=210"},{"taxonomy":"post_tag","embeddable":true,"href":"https:\/\/www.die-oswalds.de\/blog\/wp-json\/wp\/v2\/tags?post=210"}],"curies":[{"name":"wp","href":"https:\/\/api.w.org\/{rel}","templated":true}]}}