{"id":288,"date":"2019-03-13T19:44:21","date_gmt":"2019-03-13T18:44:21","guid":{"rendered":"https:\/\/www.die-oswalds.de\/blog\/?p=288"},"modified":"2019-03-18T11:04:56","modified_gmt":"2019-03-18T10:04:56","slug":"ist-die-kuehlung-meines-mac-ausreichend","status":"publish","type":"post","link":"https:\/\/www.die-oswalds.de\/blog\/2019\/03\/13\/ist-die-kuehlung-meines-mac-ausreichend\/","title":{"rendered":"Ist die K\u00fchlung meines Mac ausreichend?"},"content":{"rendered":"<p>Apple ist daf\u00fcr bekannt mit der K\u00fchlung der Hardware sehr an die Grenzen des M\u00f6glichen zu gehen, oder sogar dar\u00fcber hinaus, was zur Folge hat, dass der Prozessor herunter taktet. Das Problem liegt einerseits an den gleichen von Apple benutzen K\u00fchlern \u00fcber verschiedene Ger\u00e4te. So hat das in diesem Fall beschriebene MacBook Pro von 2011 mit i7 und Radeon HD Grafikkarte den gleichen K\u00fchler verbaut wie das Vorl\u00e4ufermodell von 2010 mit i5 und GeForce GT 330M Grafikkarte mit dem Resultat, dass rein rechnerisch mit den TDP-Werten 22 Watt mehr an W\u00e4rme abgef\u00fchrt werden muss. Des Weiteren spielt hier auch der Turbo-Modus und der TDP von den Intel Prozessoren eine gro\u00dfe Rolle. So wird von Intel zum Beispiel f\u00fcr den i7\u00a0 im 2011 verbauten MacBook Pro eine TDP von 45 Watt angegeben. Diese Wattzahl bezieht sich aber aber den Stock-Wert des CPU, also 2.2 Ghz. Im Turbo-Modus (sprich beim Early 2011 sind das 3.0 Ghz und im Late 2011 nur 2.8Ghz) springt der Verbrauch schon auf 55Watt, also nochmal 10 Watt mehr an Hitze die abgef\u00fchrt werden muss. Eine genaue Beschreibung des Ph\u00e4nomens haben die Jungs von AnandTech in diesem Beitrag erkl\u00e4rt: <a href=\"https:\/\/www.anandtech.com\/show\/13544\/why-intel-processors-draw-more-power-than-expected-tdp-turbo\">Externer Link<\/a>. Ich werde mich in diesem Betrag nur auf das Testen der K\u00fchlung beschr\u00e4nken.<\/p>\n<p><span style=\"color: #ff0000;\">Aber erst einmal ein Haftungsausschluss: In diesem Test wird der CPU \u00fcber l\u00e4ngere Zeit zu 100%\u00a0 belastet und die Temperatur kann die 100\u00b0C erreichen. Dies kann negative Effekte auf die Hardware haben. Des W<\/span><span style=\"color: #ff0000;\">eiteren sollte man diesen Test nur\u00a0 mit ordentlich gereinigten L\u00fcfter und K\u00fchlk\u00f6rper durchf\u00fchren.<\/span><\/p>\n<p>Zum Auslesen der CPU-Werte brauchen wir das Programm Intel Power Gadget, die neuste Version bekommt man auf der Intel-Seite. <a href=\"https:\/\/software.intel.com\/en-us\/articles\/intel-power-gadget-20\">Externer Link<\/a><\/p>\n<p>Nachdem dieses Programm installiert und gestartet ist, sieht man untereinander 4 Grafiken, dies sind von oben nach unten: Power (also wie viel Watt der CPU momentan verbraucht), Frequency (die aktuelle Taktrate), CPU Temperatur und CPU Auslastung.<\/p>\n<p>Nun k\u00f6nnen wir im Terminal mit dem Kommando <span style=\"color: #3366ff;\">yes &gt; \/dev\/null &amp;<\/span> den CPU belasten. Dieses Kommando muss einmal pro virtuellem Kern gestartet werden. Dies kann man am besten testen indem man das Kommando einmal erteilt und dann die Auslastung beobachtet. Man muss nur 100 teilen durch die Auslastung, schon hat man die Anzahl der virtuellen Kerne und die auszuf\u00fchrenden Kommandos. Im Fall des hier getesteten MacBook Pro mit i7 also 8 mal. Man kann alle 8 auf einmal geben.\u00a0Zum stoppen des Testes wird einfach <span style=\"color: #3366ff;\">killall yes<\/span> im Terminal eingeben. Dies sieht dann so aus.<\/p>\n<p><img loading=\"lazy\" decoding=\"async\" class=\"aligncenter size-full wp-image-304\" src=\"https:\/\/www.die-oswalds.de\/blog\/wp-content\/uploads\/2019\/03\/Screenshot1.gif\" alt=\"\" width=\"570\" height=\"366\" \/><\/p>\n<p>W\u00e4hrend des Tests sieht man wie der CPU zu 100% belastet wird und wie die Temperatur steigt. Sobald die Temperatur einen f\u00fcr den CPU kritischen Wert erreicht, wird dieser herunter getaktet. In der Regel liegt diese bei 100\u00b0C. Sollte er die 100\u00b0C erreichen und der CPU runter takten ist meines Erachtens nach die K\u00fchlung unzureichend. Hier sch\u00f6n zu sehen, dass nach recht kurzer Zeit der CPU schon runter taktet. Und das bei abgeschalteter dedizierter Grafikkarte.<\/p>\n<p><img loading=\"lazy\" decoding=\"async\" class=\"aligncenter size-full wp-image-303\" src=\"https:\/\/www.die-oswalds.de\/blog\/wp-content\/uploads\/2019\/03\/Screenshot2.gif\" alt=\"\" width=\"400\" height=\"761\" \/><\/p>\n","protected":false},"excerpt":{"rendered":"<p>Apple ist daf\u00fcr bekannt mit der K\u00fchlung der Hardware sehr an die Grenzen des M\u00f6glichen zu gehen, oder sogar dar\u00fcber hinaus, was zur Folge hat, dass der Prozessor herunter taktet. Das Problem liegt einerseits an den gleichen von Apple benutzen K\u00fchlern \u00fcber verschiedene Ger\u00e4te. So hat das in diesem Fall beschriebene MacBook Pro von 2011 [&hellip;]<\/p>\n","protected":false},"author":1,"featured_media":0,"comment_status":"open","ping_status":"open","sticky":false,"template":"","format":"standard","meta":{"footnotes":""},"categories":[6],"tags":[7,63,61,44,64,26,60,45,68,66,69,67,65,62,70],"class_list":["post-288","post","type-post","status-publish","format-standard","hentry","category-apple","tag-apple","tag-cpu","tag-hitze","tag-imac","tag-kuehlung","tag-mac","tag-macbook","tag-macbook-pro","tag-prozessor","tag-runter-takten","tag-tdp","tag-temperatur","tag-ueberhitzung","tag-waerme","tag-watt","clear"],"_links":{"self":[{"href":"https:\/\/www.die-oswalds.de\/blog\/wp-json\/wp\/v2\/posts\/288","targetHints":{"allow":["GET"]}}],"collection":[{"href":"https:\/\/www.die-oswalds.de\/blog\/wp-json\/wp\/v2\/posts"}],"about":[{"href":"https:\/\/www.die-oswalds.de\/blog\/wp-json\/wp\/v2\/types\/post"}],"author":[{"embeddable":true,"href":"https:\/\/www.die-oswalds.de\/blog\/wp-json\/wp\/v2\/users\/1"}],"replies":[{"embeddable":true,"href":"https:\/\/www.die-oswalds.de\/blog\/wp-json\/wp\/v2\/comments?post=288"}],"version-history":[{"count":0,"href":"https:\/\/www.die-oswalds.de\/blog\/wp-json\/wp\/v2\/posts\/288\/revisions"}],"wp:attachment":[{"href":"https:\/\/www.die-oswalds.de\/blog\/wp-json\/wp\/v2\/media?parent=288"}],"wp:term":[{"taxonomy":"category","embeddable":true,"href":"https:\/\/www.die-oswalds.de\/blog\/wp-json\/wp\/v2\/categories?post=288"},{"taxonomy":"post_tag","embeddable":true,"href":"https:\/\/www.die-oswalds.de\/blog\/wp-json\/wp\/v2\/tags?post=288"}],"curies":[{"name":"wp","href":"https:\/\/api.w.org\/{rel}","templated":true}]}}