{"id":349,"date":"2019-04-06T17:31:47","date_gmt":"2019-04-06T15:31:47","guid":{"rendered":"https:\/\/www.die-oswalds.de\/blog\/?p=349"},"modified":"2019-04-06T17:32:31","modified_gmt":"2019-04-06T15:32:31","slug":"was-bringt-das-reinigen-des-kuehlkoerpers-und-neue-waermeleitpaste","status":"publish","type":"post","link":"https:\/\/www.die-oswalds.de\/blog\/2019\/04\/06\/was-bringt-das-reinigen-des-kuehlkoerpers-und-neue-waermeleitpaste\/","title":{"rendered":"Was bringt das Reinigen des K\u00fchlk\u00f6rpers und neue W\u00e4rmeleitpaste?"},"content":{"rendered":"<p>Dies ist eine Frage, die ich hier mal beantworten m\u00f6chte. Letzte Woche hatte ich ein MacBook Pro von einem Bekannten bei mir und habe gemerkt, dass dieser recht warm wurde. Nachdem ich ihn ge\u00f6ffnet habe, kamen mir auch schon die Staubflocken entgegen. Dies habe ich direkt mal genutzt, um zu zeigen was eine Reinigung und neue W\u00e4rmeleitpaste f\u00fcr einen Effekt haben. Das Ger\u00e4t war noch nicht so verdreckt, dass die K\u00fchlk\u00f6rper komplett zu waren, was nat\u00fcrlich f\u00fcr ein noch gr\u00f6\u00dferen Effekt gesorgt h\u00e4tte.<\/p>\n<p>Zum testen der W\u00e4rmeabfuhr habe ich die von mir im <a href=\"https:\/\/www.die-oswalds.de\/blog\/2019\/03\/13\/ist-die-kuehlung-meines-mac-ausreichend\/\" target=\"_blank\" rel=\"noopener noreferrer\">Artikel<\/a> beschriebene Methode benutzt. Als Erstes habe ich einen Test mit dem ganzen Staub gemacht. Nach der Grundreinigung habe ich noch einen Test gemacht. Anschlie\u00dfend habe ich die W\u00e4rmeleitpaste des K\u00fchlk\u00f6rpers ersetzt und abermals einen Test gemacht. Zu diesen drei Tests habe ich zum Schluss noch einen gemacht, wo ich den Turbo-Modus des CPU per <a href=\"http:\/\/tbswitcher.rugarciap.com\/\" target=\"_blank\" rel=\"noopener noreferrer\">Turbo Boost Switcher<\/a> deaktiviert habe.<\/p>\n<p>Im ersten Screenshot sieht man die W\u00e4rmeentwicklung mit verdreckten K\u00fchlk\u00f6rper.<\/p>\n<p><img loading=\"lazy\" decoding=\"async\" class=\"aligncenter size-full wp-image-355\" src=\"https:\/\/www.die-oswalds.de\/blog\/wp-content\/uploads\/2019\/04\/Vorreinigung.gif\" alt=\"\" width=\"400\" height=\"370\" \/><\/p>\n<p>&nbsp;<\/p>\n<p>In diesem Screenshot nach der Grundreinigung dauert es schon etwas l\u00e4nger, bis der CPU wegen der Hitze runter taktet.<\/p>\n<p><img loading=\"lazy\" decoding=\"async\" class=\"aligncenter size-full wp-image-352\" src=\"https:\/\/www.die-oswalds.de\/blog\/wp-content\/uploads\/2019\/04\/Nachreinigung.gif\" alt=\"\" width=\"400\" height=\"370\" \/><\/p>\n<p>Nach dem Erneuern der W\u00e4rmeleitpaste ist eine deutliche Verbesserung der K\u00fchlleistung wahrzunehmen. Es werden auch nicht mehr die 100\u00b0C erreicht, eine Runtertaktung findet schon bei etwas \u00fcber 90\u00b0C statt. Nat\u00fcrlich muss die alte W\u00e4rmeleitpaste komplett entfernt werden.<\/p>\n<p><img loading=\"lazy\" decoding=\"async\" class=\"aligncenter size-full wp-image-353\" src=\"https:\/\/www.die-oswalds.de\/blog\/wp-content\/uploads\/2019\/04\/NachWLP.gif\" alt=\"\" width=\"400\" height=\"370\" \/><\/p>\n<p>Wenn man auf Nummer sicher gehen will, kann man wie beschrieben den Turbo-Modus deaktivieren. Das hei\u00dft, dass der CPU nicht mehr wie in diesem Fall auf 2,8 Ghz steigt, sondern gem\u00fctlich auf den von Intel angegebenen 2,2 Ghz seine Arbeit verrichtet. Man sieht deutlich eine geringere W\u00e4rmeentwicklung.<\/p>\n<p><img loading=\"lazy\" decoding=\"async\" class=\"aligncenter size-full wp-image-354\" src=\"https:\/\/www.die-oswalds.de\/blog\/wp-content\/uploads\/2019\/04\/TurboBoosteroff.gif\" alt=\"\" width=\"400\" height=\"370\" \/><\/p>\n<p>&nbsp;<\/p>\n<p>Fazit: Austausch der W\u00e4rmeleitpaste hat einen positiven Effekt auf die W\u00e4rmeentwicklung in einem Computer. Es sollte gute W\u00e4rmeleitpaste verwendet werden und\u00a0 richtig aufgetragen sollte sie auch sein. Reinigen sollte man die L\u00fcfter eines Rechners auch gerne mal \u00f6fter.<\/p>\n","protected":false},"excerpt":{"rendered":"<p>Dies ist eine Frage, die ich hier mal beantworten m\u00f6chte. Letzte Woche hatte ich ein MacBook Pro von einem Bekannten bei mir und habe gemerkt, dass dieser recht warm wurde. Nachdem ich ihn ge\u00f6ffnet habe, kamen mir auch schon die Staubflocken entgegen. Dies habe ich direkt mal genutzt, um zu zeigen was eine Reinigung und [&hellip;]<\/p>\n","protected":false},"author":1,"featured_media":0,"comment_status":"open","ping_status":"open","sticky":false,"template":"","format":"standard","meta":{"footnotes":""},"categories":[1,6,12],"tags":[63,52,61,78,64,77,76,75],"class_list":["post-349","post","type-post","status-publish","format-standard","hentry","category-allgemein","category-apple","category-windows","tag-cpu","tag-gpu","tag-hitze","tag-kuehlkoerper","tag-kuehlung","tag-waermeentwicklung","tag-waermeleitpaste","tag-wlp","clear"],"_links":{"self":[{"href":"https:\/\/www.die-oswalds.de\/blog\/wp-json\/wp\/v2\/posts\/349","targetHints":{"allow":["GET"]}}],"collection":[{"href":"https:\/\/www.die-oswalds.de\/blog\/wp-json\/wp\/v2\/posts"}],"about":[{"href":"https:\/\/www.die-oswalds.de\/blog\/wp-json\/wp\/v2\/types\/post"}],"author":[{"embeddable":true,"href":"https:\/\/www.die-oswalds.de\/blog\/wp-json\/wp\/v2\/users\/1"}],"replies":[{"embeddable":true,"href":"https:\/\/www.die-oswalds.de\/blog\/wp-json\/wp\/v2\/comments?post=349"}],"version-history":[{"count":0,"href":"https:\/\/www.die-oswalds.de\/blog\/wp-json\/wp\/v2\/posts\/349\/revisions"}],"wp:attachment":[{"href":"https:\/\/www.die-oswalds.de\/blog\/wp-json\/wp\/v2\/media?parent=349"}],"wp:term":[{"taxonomy":"category","embeddable":true,"href":"https:\/\/www.die-oswalds.de\/blog\/wp-json\/wp\/v2\/categories?post=349"},{"taxonomy":"post_tag","embeddable":true,"href":"https:\/\/www.die-oswalds.de\/blog\/wp-json\/wp\/v2\/tags?post=349"}],"curies":[{"name":"wp","href":"https:\/\/api.w.org\/{rel}","templated":true}]}}