{"id":65,"date":"2016-04-18T20:10:20","date_gmt":"2016-04-18T18:10:20","guid":{"rendered":"https:\/\/www.die-oswalds.de\/blog\/?p=65"},"modified":"2018-05-24T15:42:12","modified_gmt":"2018-05-24T13:42:12","slug":"macmini-g4-uebertakten","status":"publish","type":"post","link":"https:\/\/www.die-oswalds.de\/blog\/2016\/04\/18\/macmini-g4-uebertakten\/","title":{"rendered":"Mac Mini G4 \u00fcbertakten"},"content":{"rendered":"<p>Ein Mac Mini ist ein sch\u00f6nes kleines Ger\u00e4t, mit dem man viel Freude haben kann. Sei es mit einer \u00e4lteren OSX-Installation oder <a href=\"http:\/\/www.morphos-team.net\/\">MorphOS<\/a>. So macht es noch mehr Spa\u00df, wenn man ihn etwas aufpeppen kann. Hier beschreibe ich, wie man ihn schneller bekommt, d. h., wie ich eine \u00dcbertaktung vornehme. In einem folgenden Beitrag werde ich zeigen, wie man eine SATA-Platte so einbauen kann, dass auch noch das CD\/DVD-Laufwerk Platz hat.<\/p>\n<p>Los geht&#8217;s:<\/p>\n<p>Jeder hat schon einmal (s)einen Mac Mini G4 ge\u00f6ffnet, und sei es nur um ihn mal zu reinigen. Daher werde ich direkt ans Eingemachte gehen. Man braucht nur einen L\u00f6tkolben und etwas Feingef\u00fchl.<\/p>\n<p>Auf der Unterseite des Mini Mainboard befinden sich 4, ich sag mal, gel\u00f6tete &#8222;Jumpers&#8220;, die f\u00fcr die Taktung des G4 verantwortlich sind. Diese befinden sich seitlich unterhalb der Prozessors. Es sind 0 Ohm-Widerst\u00e4nde, die durch eine einfache Drahtbr\u00fccke ersetzt werden k\u00f6nnen.\u00a0 Auf diesem Foto ist ein 1,25 Ghz G4 zu sehen.<\/p>\n<p><img loading=\"lazy\" decoding=\"async\" class=\"alignnone wp-image-66 size-full\" src=\"https:\/\/www.die-oswalds.de\/blog\/wp-content\/uploads\/2016\/04\/MacMiniG4OC.jpg\" alt=\"MacMiniG4OC\" width=\"640\" height=\"480\" srcset=\"https:\/\/www.die-oswalds.de\/blog\/wp-content\/uploads\/2016\/04\/MacMiniG4OC.jpg 640w, https:\/\/www.die-oswalds.de\/blog\/wp-content\/uploads\/2016\/04\/MacMiniG4OC-300x225.jpg 300w\" sizes=\"auto, (max-width: 640px) 100vw, 640px\" \/><\/p>\n<p>Diese Tabelle zeigt die Optionen an.<\/p>\n<table border=\"0\">\n<tbody>\n<tr align=\"CENTER\">\n<td><b>Speed<\/b><\/td>\n<td><b>R362<\/b><\/td>\n<td><b>R358<\/b><\/td>\n<td><b>R355<\/b><\/td>\n<td><b>R351<\/b><\/td>\n<\/tr>\n<tr align=\"CENTER\">\n<td>1.25GHz<\/td>\n<td>ja<\/td>\n<td>ja<\/td>\n<td>ja<\/td>\n<td>&#8211;<\/td>\n<\/tr>\n<tr align=\"CENTER\">\n<td>1.42GHz<\/td>\n<td>&#8211;<\/td>\n<td>ja<\/td>\n<td>&#8211;<\/td>\n<td>ja<\/td>\n<\/tr>\n<tr align=\"CENTER\">\n<td>1.50GHz<\/td>\n<td>&#8211;<\/td>\n<td>&#8211;<\/td>\n<td>&#8211;<\/td>\n<td>&#8211;<\/td>\n<\/tr>\n<tr align=\"CENTER\">\n<td>1.58GHz<\/td>\n<td>&#8211;<\/td>\n<td>ja<\/td>\n<td>&#8211;<\/td>\n<td>&#8211;<\/td>\n<\/tr>\n<\/tbody>\n<\/table>\n<p>Eine \u00dcbertaktung von 1,25 auf 1,42 ist in den meisten F\u00e4llen ohne Probleme m\u00f6glich und bringt einen Gewinn von 14% mehr Leistung. Die K\u00fchlung ist ausreichend, auch wenn man auf 1,5 Ghz hoch taktet.<\/p>\n","protected":false},"excerpt":{"rendered":"<p>Ein Mac Mini ist ein sch\u00f6nes kleines Ger\u00e4t, mit dem man viel Freude haben kann. Sei es mit einer \u00e4lteren OSX-Installation oder MorphOS. So macht es noch mehr Spa\u00df, wenn man ihn etwas aufpeppen kann. Hier beschreibe ich, wie man ihn schneller bekommt, d. h., wie ich eine \u00dcbertaktung vornehme. In einem folgenden Beitrag werde [&hellip;]<\/p>\n","protected":false},"author":1,"featured_media":0,"comment_status":"closed","ping_status":"open","sticky":false,"template":"","format":"standard","meta":{"footnotes":""},"categories":[6],"tags":[7,9,26,23,24,8,25,27,10],"class_list":["post-65","post","type-post","status-publish","format-standard","hentry","category-apple","tag-apple","tag-g4","tag-mac","tag-mac-mini","tag-mac-mini-g4","tag-macmini","tag-macmini-g4","tag-morph-os","tag-uebertakten","clear"],"_links":{"self":[{"href":"https:\/\/www.die-oswalds.de\/blog\/wp-json\/wp\/v2\/posts\/65","targetHints":{"allow":["GET"]}}],"collection":[{"href":"https:\/\/www.die-oswalds.de\/blog\/wp-json\/wp\/v2\/posts"}],"about":[{"href":"https:\/\/www.die-oswalds.de\/blog\/wp-json\/wp\/v2\/types\/post"}],"author":[{"embeddable":true,"href":"https:\/\/www.die-oswalds.de\/blog\/wp-json\/wp\/v2\/users\/1"}],"replies":[{"embeddable":true,"href":"https:\/\/www.die-oswalds.de\/blog\/wp-json\/wp\/v2\/comments?post=65"}],"version-history":[{"count":0,"href":"https:\/\/www.die-oswalds.de\/blog\/wp-json\/wp\/v2\/posts\/65\/revisions"}],"wp:attachment":[{"href":"https:\/\/www.die-oswalds.de\/blog\/wp-json\/wp\/v2\/media?parent=65"}],"wp:term":[{"taxonomy":"category","embeddable":true,"href":"https:\/\/www.die-oswalds.de\/blog\/wp-json\/wp\/v2\/categories?post=65"},{"taxonomy":"post_tag","embeddable":true,"href":"https:\/\/www.die-oswalds.de\/blog\/wp-json\/wp\/v2\/tags?post=65"}],"curies":[{"name":"wp","href":"https:\/\/api.w.org\/{rel}","templated":true}]}}